{"id":2023,"date":"2019-05-10T20:16:00","date_gmt":"2019-05-10T20:16:00","guid":{"rendered":"https:\/\/lopiaseczno.waw.pl\/?p=2023"},"modified":"2024-10-31T20:17:00","modified_gmt":"2024-10-31T20:17:00","slug":"zaproszenie-na-koncert-zespolu-styl","status":"publish","type":"post","link":"https:\/\/lopiaseczno.waw.pl\/index.php\/2019\/05\/10\/zaproszenie-na-koncert-zespolu-styl\/","title":{"rendered":"Zaproszenie na koncert Zespo\u0142u Styl"},"content":{"rendered":"","protected":false},"excerpt":{"rendered":"<p>Zesp\u00f3\u0142 Styl naszego liceum , zaprasza wszystkich absolwent\u00f3w wraz z rodzinami oraz wszystkich mi\u0142o\u015bnik\u00f3w sztuki na koncert  ,, Pi\u0105te spotkanie \u015brodowisk tw\u00f3rczych \u201d Uroczysto\u015b\u0107 odb\u0119dzie si\u0119 w niedziel\u0119 12 maja, w sali niebieskiej domu parafialnego przy ko\u015bciele \u015bw Anny w Piasecznie. Plac Pi\u0142sudskiego 10. Po koncercie odb\u0119dzie si\u0119 wsp\u00f3lne  forum dyskusyjne. Zobaczy\u0107 b\u0119dzie mo\u017cna program klasyczny walca [\u2026]<\/p>\n","protected":false},"author":1,"featured_media":2024,"comment_status":"open","ping_status":"open","sticky":false,"template":"","format":"standard","meta":{"_acf_changed":false,"inline_featured_image":false,"footnotes":""},"categories":[1],"tags":[],"class_list":["post-2023","post","type-post","status-publish","format-standard","has-post-thumbnail","hentry","category-wszystkie"],"acf":[],"_links":{"self":[{"href":"https:\/\/lopiaseczno.waw.pl\/index.php\/wp-json\/wp\/v2\/posts\/2023","targetHints":{"allow":["GET"]}}],"collection":[{"href":"https:\/\/lopiaseczno.waw.pl\/index.php\/wp-json\/wp\/v2\/posts"}],"about":[{"href":"https:\/\/lopiaseczno.waw.pl\/index.php\/wp-json\/wp\/v2\/types\/post"}],"author":[{"embeddable":true,"href":"https:\/\/lopiaseczno.waw.pl\/index.php\/wp-json\/wp\/v2\/users\/1"}],"replies":[{"embeddable":true,"href":"https:\/\/lopiaseczno.waw.pl\/index.php\/wp-json\/wp\/v2\/comments?post=2023"}],"version-history":[{"count":1,"href":"https:\/\/lopiaseczno.waw.pl\/index.php\/wp-json\/wp\/v2\/posts\/2023\/revisions"}],"predecessor-version":[{"id":2025,"href":"https:\/\/lopiaseczno.waw.pl\/index.php\/wp-json\/wp\/v2\/posts\/2023\/revisions\/2025"}],"wp:featuredmedia":[{"embeddable":true,"href":"https:\/\/lopiaseczno.waw.pl\/index.php\/wp-json\/wp\/v2\/media\/2024"}],"wp:attachment":[{"href":"https:\/\/lopiaseczno.waw.pl\/index.php\/wp-json\/wp\/v2\/media?parent=2023"}],"wp:term":[{"taxonomy":"category","embeddable":true,"href":"https:\/\/lopiaseczno.waw.pl\/index.php\/wp-json\/wp\/v2\/categories?post=2023"},{"taxonomy":"post_tag","embeddable":true,"href":"https:\/\/lopiaseczno.waw.pl\/index.php\/wp-json\/wp\/v2\/tags?post=2023"}],"curies":[{"name":"wp","href":"https:\/\/api.w.org\/{rel}","templated":true}]}}